{"id":1786,"date":"2020-12-12T06:38:19","date_gmt":"2020-12-12T05:38:19","guid":{"rendered":"http:\/\/roemerquartier.ch\/?p=1786"},"modified":"2020-12-12T06:39:23","modified_gmt":"2020-12-12T05:39:23","slug":"stimmungsvolle-adventsfenster-im-roemerquartier","status":"publish","type":"post","link":"https:\/\/roemerquartier.ch\/index.php\/2020\/12\/12\/stimmungsvolle-adventsfenster-im-roemerquartier\/","title":{"rendered":"Stimmungsvolle Adventsfenster im R\u00f6merquartier!"},"content":{"rendered":"<p><img loading=\"lazy\" decoding=\"async\" class=\"alignnone size-large wp-image-1787\" src=\"http:\/\/roemerquartier.ch\/wp-content\/uploads\/2020\/12\/2020_12_07_Sozialpaedagogische_Gemeinschaft_Roemerstrasse_38-663x1024.jpg\" alt=\"\" width=\"625\" height=\"965\" srcset=\"https:\/\/roemerquartier.ch\/wp-content\/uploads\/2020\/12\/2020_12_07_Sozialpaedagogische_Gemeinschaft_Roemerstrasse_38-663x1024.jpg 663w, https:\/\/roemerquartier.ch\/wp-content\/uploads\/2020\/12\/2020_12_07_Sozialpaedagogische_Gemeinschaft_Roemerstrasse_38-194x300.jpg 194w, https:\/\/roemerquartier.ch\/wp-content\/uploads\/2020\/12\/2020_12_07_Sozialpaedagogische_Gemeinschaft_Roemerstrasse_38-768x1187.jpg 768w, https:\/\/roemerquartier.ch\/wp-content\/uploads\/2020\/12\/2020_12_07_Sozialpaedagogische_Gemeinschaft_Roemerstrasse_38-994x1536.jpg 994w, https:\/\/roemerquartier.ch\/wp-content\/uploads\/2020\/12\/2020_12_07_Sozialpaedagogische_Gemeinschaft_Roemerstrasse_38-1325x2048.jpg 1325w, https:\/\/roemerquartier.ch\/wp-content\/uploads\/2020\/12\/2020_12_07_Sozialpaedagogische_Gemeinschaft_Roemerstrasse_38-960x1484.jpg 960w, https:\/\/roemerquartier.ch\/wp-content\/uploads\/2020\/12\/2020_12_07_Sozialpaedagogische_Gemeinschaft_Roemerstrasse_38-scaled.jpg 1656w\" sizes=\"auto, (max-width: 625px) 100vw, 625px\" \/>Der Adventsfenster-Reigen im R\u00f6merquartier ist in vollem Gange. Der R\u00f6mer-Quartierverein l\u00e4dt Sie ein zu einem Abendspaziergang zu den mit viel Herzblut gestalteten Fenstern und dankt schon jetzt allen Fensterdesiger\/inne\/n! Die Fenster leuchten noch bis Ende Jahr.<\/p>\n<p>Eine Liste mit den Fenstern und den Standorten findet sich <a href=\"https:\/\/roemerquartier.ch\/index.php\/2020\/11\/21\/adventsfenster-2020-im-roemerquartier\/\" target=\"_blank\" rel=\"noopener noreferrer\">hier<\/a>.<\/p>\n<p>Die Fenster werden laufend auf auf der <a href=\"https:\/\/www.facebook.com\/Roemerquartier\" target=\"_blank\" rel=\"noopener noreferrer\">Facebook-Seite des R\u00f6mer-Quartiervereins <\/a>publiziert.<\/p>\n<p>Der Vorstand des R\u00f6mer-Quartiervereins w\u00fcnscht Ihnen allen eine frohe Weihnachtszeit und ein gutes neues Jahr!<\/p>\n","protected":false},"excerpt":{"rendered":"<p>Der Adventsfenster-Reigen im R\u00f6merquartier ist in vollem Gange. Der R\u00f6mer-Quartierverein l\u00e4dt Sie ein zu einem Abendspaziergang zu den mit viel Herzblut gestalteten Fenstern und dankt schon jetzt allen Fensterdesiger\/inne\/n! Die Fenster leuchten noch bis Ende Jahr. Eine Liste mit den Fenstern und den Standorten findet sich hier. Die Fenster werden laufend auf auf der Facebook-Seite <a href=\"https:\/\/roemerquartier.ch\/index.php\/2020\/12\/12\/stimmungsvolle-adventsfenster-im-roemerquartier\/\" class=\"more-link\">\u2026weiterlesen<span class=\"screen-reader-text\"> Stimmungsvolle Adventsfenster im R\u00f6merquartier!\"<\/span><\/a><\/p>\n","protected":false},"author":1,"featured_media":1787,"comment_status":"closed","ping_status":"open","sticky":false,"template":"","format":"standard","meta":{"ngg_post_thumbnail":0,"footnotes":""},"categories":[1],"tags":[],"class_list":{"0":"post-1786","1":"post","2":"type-post","3":"status-publish","4":"format-standard","5":"has-post-thumbnail","7":"category-allgemein","8":"h-entry","9":"hentry","10":"h-as-article"},"_links":{"self":[{"href":"https:\/\/roemerquartier.ch\/index.php\/wp-json\/wp\/v2\/posts\/1786","targetHints":{"allow":["GET"]}}],"collection":[{"href":"https:\/\/roemerquartier.ch\/index.php\/wp-json\/wp\/v2\/posts"}],"about":[{"href":"https:\/\/roemerquartier.ch\/index.php\/wp-json\/wp\/v2\/types\/post"}],"author":[{"embeddable":true,"href":"https:\/\/roemerquartier.ch\/index.php\/wp-json\/wp\/v2\/users\/1"}],"replies":[{"embeddable":true,"href":"https:\/\/roemerquartier.ch\/index.php\/wp-json\/wp\/v2\/comments?post=1786"}],"version-history":[{"count":2,"href":"https:\/\/roemerquartier.ch\/index.php\/wp-json\/wp\/v2\/posts\/1786\/revisions"}],"predecessor-version":[{"id":1789,"href":"https:\/\/roemerquartier.ch\/index.php\/wp-json\/wp\/v2\/posts\/1786\/revisions\/1789"}],"wp:featuredmedia":[{"embeddable":true,"href":"https:\/\/roemerquartier.ch\/index.php\/wp-json\/wp\/v2\/media\/1787"}],"wp:attachment":[{"href":"https:\/\/roemerquartier.ch\/index.php\/wp-json\/wp\/v2\/media?parent=1786"}],"wp:term":[{"taxonomy":"category","embeddable":true,"href":"https:\/\/roemerquartier.ch\/index.php\/wp-json\/wp\/v2\/categories?post=1786"},{"taxonomy":"post_tag","embeddable":true,"href":"https:\/\/roemerquartier.ch\/index.php\/wp-json\/wp\/v2\/tags?post=1786"}],"curies":[{"name":"wp","href":"https:\/\/api.w.org\/{rel}","templated":true}]}}